{"id":7807,"date":"2025-09-25T20:08:32","date_gmt":"2025-09-25T18:08:32","guid":{"rendered":"https:\/\/www.vv-vikings.de\/?p=7807"},"modified":"2025-09-25T20:11:47","modified_gmt":"2025-09-25T18:11:47","slug":"gemischter-saisonstart-mit-licht-und-schatten","status":"publish","type":"post","link":"https:\/\/www.vv-vikings.de\/?p=7807","title":{"rendered":"Gemischter Saisonstart mit Licht und Schatten"},"content":{"rendered":"\n<p>Volleyball-Landesliga 8 Herren. Samstag 20.09.2025. Sporthalle II, 38159 Vechelde.<\/p>\n\n\n\n<p>Der Saisonauftakt unserer 3. Herrenmannschaft brachte sowohl erfreuliche als auch ern\u00fcchternde Momente mit sich.<\/p>\n\n\n\n<p><strong>Vallstedt Vechelde Vikings III &#8211; VfL Wolfsburg 3:2 (25:27 23:25 26:24 25:22 15:10).<\/strong><\/p>\n\n\n\n<p>Im ersten Spiel gegen den VfL Wolfsburg war es genau das schwere Spiel, das wir gegen diesen unbekannten Gegner erwartet hatten. Die ersten beiden S\u00e4tze verliefen knapp, gingen aber an den VfL. Ab dem dritten Satz haben wir Vikings jedoch endlich zu unserem Spiel gefunden und konnten die drei darauffolgenden S\u00e4tze f\u00fcr uns entscheiden &#8211; ein wichtiger Auftaktsieg.<\/p>\n\n\n\n<p><strong>Vallstedt Vechelde Vikings III &#8211; Wolfenb\u00fctteler VC II 2:3 (17:25 19:25 25:22 25:17 10:15).<\/strong><\/p>\n\n\n\n<p>Im zweiten Spiel gegen Wolfenb\u00fcttel trafen wir auf die erwartete &#8220;Gummiwand&#8221;. Wieder gingen die ersten beiden S\u00e4tze, teils deutlich, an den Gegner. Ein altbekanntes Problem bei uns, aber wir haben auch die bew\u00e4hrte L\u00f6sung parat: Nicht nachlassen und immer weiter bei dem bleiben, was wir k\u00f6nnen. Satz 3 und 4 gingen folgerichtig an die Vikings. Nur im entscheidenden 5. Satz war uns diesmal nicht das Gl\u00fcck auf unserer Seite, und mit 10:15 mussten wir uns dem VC Wolfenb\u00fcttel 2 geschlagen geben.<\/p>\n\n\n\n<p><strong>SV Lengede &#8211; Vallstedt Vechelde Vikings III<\/strong><br>Samstag 27.09.2025, 15 Uhr. Kreissporthalle Lengede, Vor den Beeken, 38268 Lengede.<\/p>\n\n\n\n<p>Am kommenden Samstag, den 27.09.2025, geht es um 15:00 Uhr zum Duell in die naheliegende Nachbarschaft nach Lengede. Leider m\u00fcssen wir auf unsere beiden etatm\u00e4\u00dfigen Mittelblocker Lars und Paul verzichten, sind aber trotzdem optimistisch, dass wir unser erstes Ausw\u00e4rtsspiel der Saison 25\/26 gewinnen k\u00f6nnen. In Anbetracht unserer immer \u00e4lter werdenden Knochen hoffentlich diesmal nicht erst im 5. Satz.<\/p>\n\n\n\n<p><strong>Beitrag von<\/strong> Lars Striegler<\/p>\n","protected":false},"excerpt":{"rendered":"Volleyball-Landesliga 8 Herren. Samstag 20.09.2025. Sporthalle II, 38159 Vechelde. Der Saisonauftakt unserer 3. [&hellip;]","protected":false},"author":1,"featured_media":0,"comment_status":"open","ping_status":"open","sticky":false,"template":"","format":"standard","meta":{"footnotes":""},"categories":[77,66],"tags":[],"class_list":["post-7807","post","type-post","status-publish","format-standard","hentry","category-3-herren","category-presse-spielberichte"],"_links":{"self":[{"href":"https:\/\/www.vv-vikings.de\/index.php?rest_route=\/wp\/v2\/posts\/7807","targetHints":{"allow":["GET"]}}],"collection":[{"href":"https:\/\/www.vv-vikings.de\/index.php?rest_route=\/wp\/v2\/posts"}],"about":[{"href":"https:\/\/www.vv-vikings.de\/index.php?rest_route=\/wp\/v2\/types\/post"}],"author":[{"embeddable":true,"href":"https:\/\/www.vv-vikings.de\/index.php?rest_route=\/wp\/v2\/users\/1"}],"replies":[{"embeddable":true,"href":"https:\/\/www.vv-vikings.de\/index.php?rest_route=%2Fwp%2Fv2%2Fcomments&post=7807"}],"version-history":[{"count":3,"href":"https:\/\/www.vv-vikings.de\/index.php?rest_route=\/wp\/v2\/posts\/7807\/revisions"}],"predecessor-version":[{"id":7810,"href":"https:\/\/www.vv-vikings.de\/index.php?rest_route=\/wp\/v2\/posts\/7807\/revisions\/7810"}],"wp:attachment":[{"href":"https:\/\/www.vv-vikings.de\/index.php?rest_route=%2Fwp%2Fv2%2Fmedia&parent=7807"}],"wp:term":[{"taxonomy":"category","embeddable":true,"href":"https:\/\/www.vv-vikings.de\/index.php?rest_route=%2Fwp%2Fv2%2Fcategories&post=7807"},{"taxonomy":"post_tag","embeddable":true,"href":"https:\/\/www.vv-vikings.de\/index.php?rest_route=%2Fwp%2Fv2%2Ftags&post=7807"}],"curies":[{"name":"wp","href":"https:\/\/api.w.org\/{rel}","templated":true}]}}