{"id":6434,"date":"2023-12-09T12:44:34","date_gmt":"2023-12-09T11:44:34","guid":{"rendered":"https:\/\/www.vv-vikings.de\/?p=6434"},"modified":"2023-12-19T12:48:34","modified_gmt":"2023-12-19T11:48:34","slug":"regionsmeisterschaften-u13-w-m","status":"publish","type":"post","link":"https:\/\/www.vv-vikings.de\/?p=6434","title":{"rendered":"Regionsmeisterschaften U13 w\/m"},"content":{"rendered":"\n<p>Am 26.11.2023 fanden die Regionsmeisterschaften der U13 weiblich und der U13 m\u00e4nnlich in der Sporthalle II in Vechelde statt. Insgesamt 12 Mannschaften boten spannende und ansehnliche Spiele. Darunter auch zwei Teams aus unserer Jugend: Die U13 weiblich und die U13 m\u00e4nnlich.<\/p>\n\n\n\n<p>F\u00fcr die U13 weiblich spielten: Nora C.-I., Lena D., Gioia D., Laura G., Klara K und Marie V.<\/p>\n\n\n\n<p>F\u00fcr die U13 m\u00e4nnlich spielten: Henry B., Sam B., Fabian J., Nick R., Jeffrey S. und Niklas Z.<\/p>\n\n\n\n<p>Unsere weiblichen Jungwikinger k\u00e4mpften und k\u00e4mpften und verloren immer knapp gegen ihre Gegner. Auf die gezeigte Mannschaftsleistung k\u00f6nnen wir sehr stolz sein. Die M\u00e4dels erreichten den 5. Platz. Herzlichen Gl\u00fcckwunsch!<\/p>\n\n\n\n<p>Nach einer Top Vorrunde unserer m\u00e4nnlichen Vikinger-Kids ging es zum \u00dcberkreuz spielen. Als Tabellenf\u00fchrer spielten unsere Jungs gegen eine starke Wolfenb\u00fctteler VC Mannschaft und verloren leider knapp. Somit stand fest, wir spielen um Platz drei gegen TV Jahn Wolfsburg.<\/p>\n\n\n\n<p>Der erste Satz ging an Wolfsburg mit 18:25. Aber unser m\u00e4nnliche Jugend lies sich nicht unterkriegen. Die Jungs richteten die Helme, sch\u00e4rften ihre Schwerter und gingen neu motiviert zur\u00fcck aufs Spielfeld. Den zweiten Satz gewannen Sie deutlich mit 25:17.<\/p>\n\n\n\n<p>Somit war klar die Jungwikinger m\u00fcssen in den dritten Satz. Hochkonzentriert konnten Sie sich im dritten Satz behaupten und gewannen diesen mit 15:6.<\/p>\n\n\n\n<p>Herzlichen Gl\u00fcckwunsch an unsere U13 m\u00e4nnlich, die sich mit ihrer Leistung f\u00fcr die Qualifikation zur Teilnahme an der Nordwestdeutschen Jugendmeisterschaft im kommenden Jahr qualifiziert hat.<\/p>\n\n\n\n<p>Ein besonderer Dank geht an alle helfende H\u00e4nde!<\/p>\n\n\n\n<p>R. Stief Jugendwart<\/p>\n","protected":false},"excerpt":{"rendered":"Am 26.11.2023 fanden die Regionsmeisterschaften der U13 weiblich und der U13 m\u00e4nnlich in [&hellip;]","protected":false},"author":1,"featured_media":0,"comment_status":"open","ping_status":"open","sticky":false,"template":"","format":"standard","meta":{"footnotes":""},"categories":[66],"tags":[],"class_list":["post-6434","post","type-post","status-publish","format-standard","hentry","category-presse-spielberichte"],"_links":{"self":[{"href":"https:\/\/www.vv-vikings.de\/index.php?rest_route=\/wp\/v2\/posts\/6434","targetHints":{"allow":["GET"]}}],"collection":[{"href":"https:\/\/www.vv-vikings.de\/index.php?rest_route=\/wp\/v2\/posts"}],"about":[{"href":"https:\/\/www.vv-vikings.de\/index.php?rest_route=\/wp\/v2\/types\/post"}],"author":[{"embeddable":true,"href":"https:\/\/www.vv-vikings.de\/index.php?rest_route=\/wp\/v2\/users\/1"}],"replies":[{"embeddable":true,"href":"https:\/\/www.vv-vikings.de\/index.php?rest_route=%2Fwp%2Fv2%2Fcomments&post=6434"}],"version-history":[{"count":1,"href":"https:\/\/www.vv-vikings.de\/index.php?rest_route=\/wp\/v2\/posts\/6434\/revisions"}],"predecessor-version":[{"id":6435,"href":"https:\/\/www.vv-vikings.de\/index.php?rest_route=\/wp\/v2\/posts\/6434\/revisions\/6435"}],"wp:attachment":[{"href":"https:\/\/www.vv-vikings.de\/index.php?rest_route=%2Fwp%2Fv2%2Fmedia&parent=6434"}],"wp:term":[{"taxonomy":"category","embeddable":true,"href":"https:\/\/www.vv-vikings.de\/index.php?rest_route=%2Fwp%2Fv2%2Fcategories&post=6434"},{"taxonomy":"post_tag","embeddable":true,"href":"https:\/\/www.vv-vikings.de\/index.php?rest_route=%2Fwp%2Fv2%2Ftags&post=6434"}],"curies":[{"name":"wp","href":"https:\/\/api.w.org\/{rel}","templated":true}]}}