{"id":2940,"date":"2020-01-20T12:12:00","date_gmt":"2020-01-20T11:12:00","guid":{"rendered":"https:\/\/www.vv-vikings.de\/?p=2940"},"modified":"2020-01-21T12:14:53","modified_gmt":"2020-01-21T11:14:53","slug":"landesliga-herren-wolfenbuetteler-vc-ii-vv-vikings-iii","status":"publish","type":"post","link":"https:\/\/www.vv-vikings.de\/?p=2940","title":{"rendered":"Landesliga Herren: Wolfenb\u00fctteler VC II &#8211; VV Vikings III"},"content":{"rendered":"\n<h2 class=\"wp-block-heading\">Wolfenb\u00fctteler VC II &#8211; VV Vikings III 0:3 (21:25, 21:25, 15:25)<\/h2>\n\n\n\n<p>Wie bereits im Hinspiel kurz vor Weihnachten gaben sich die Vikings gegen die Reserve des Wolfenb\u00fctteler VC keine Bl\u00f6\u00dfe und siegten am Ende auch in der H\u00f6he verdient mit 3:0. Dabei musste das Team von Trainer Janusz Tomaszewski allerdings eine Reihe von Ausf\u00e4llen verkraften &#8211; Sebastian Melzer und Florian Hevekerl fehlten nach wie vor verletzungsbedingt, Kay Schweda und Peter Wagner konnten auf Grund von privaten Verpflichtungen nicht dabei sein, so dass am Ende 9 Namen auf dem Spielberichtsbogen Eingang fanden.<br>\nAlle drei S\u00e4tze \u00e4hnelten sich im Verlauf recht deutlich. Bis Mitte jedes Durchgangs konnten die Gastgeber das Spiel jeweils offen gestalten, lagen teilweise sogar knapp in F\u00fchrung. Das lag vor allem daran, dass die Vikings am Samstag teilweise gro\u00dfe Probleme mit den guten Aufschl\u00e4gen der Wolfenb\u00fctteler hatten. Auch die eigene zu Beginn viel zu hohe eigene Fehlerquote bei den Aufgaben machte dem Favoriten das Leben nicht unbedingt leichter. Daf\u00fcr funktionierten die anderen Spielelemente ordentlich, und auch bei der Einstellung stimmte es am Samstag. Nur wenige B\u00e4lle wurden verloren gegeben, gerade bei den langen Ballwechseln behielten die G\u00e4ste h\u00e4ufig die Oberhand.<br>\nAm Ende konnten die Wikinger mit solidem Spiel und einer geschlossenen Mannschaftsleistung v\u00f6llig verdient alle drei Punkte aus der Lessingstadt entf\u00fchren und damit den Vorsprung an der Tabellenspitze weiterhin bei 6 (Stederdorf) bzw. 7 Punkten (Ilsede, ein Spiel weniger) halten.<br>\nWeiter geht es f\u00fcr die Vikings bereits am kommenden Wochenende beim FC Wenden.<\/p>\n\n\n\n<p>Die Vikings spielten mit: Bj\u00f6rn Koepke (Nr. 3), Raphael Herbst (Nr. 6), Niels Blank (Nr. 7), Oliver K\u00fcnanz (Nr. 8), Keven Schulze (Nr. 10), Martin Faulhaber (Nr. 11), Jan Reichelt (Nr. 14), Thomas Junge (Nr. 15), Philip Kremer (Nr. 18)<\/p>\n","protected":false},"excerpt":{"rendered":"Wolfenb\u00fctteler VC II &#8211; VV Vikings III 0:3 (21:25, 21:25, 15:25) Wie bereits [&hellip;]","protected":false},"author":1,"featured_media":0,"comment_status":"open","ping_status":"open","sticky":false,"template":"","format":"standard","meta":{"footnotes":""},"categories":[66],"tags":[],"class_list":["post-2940","post","type-post","status-publish","format-standard","hentry","category-presse-spielberichte"],"_links":{"self":[{"href":"https:\/\/www.vv-vikings.de\/index.php?rest_route=\/wp\/v2\/posts\/2940","targetHints":{"allow":["GET"]}}],"collection":[{"href":"https:\/\/www.vv-vikings.de\/index.php?rest_route=\/wp\/v2\/posts"}],"about":[{"href":"https:\/\/www.vv-vikings.de\/index.php?rest_route=\/wp\/v2\/types\/post"}],"author":[{"embeddable":true,"href":"https:\/\/www.vv-vikings.de\/index.php?rest_route=\/wp\/v2\/users\/1"}],"replies":[{"embeddable":true,"href":"https:\/\/www.vv-vikings.de\/index.php?rest_route=%2Fwp%2Fv2%2Fcomments&post=2940"}],"version-history":[{"count":1,"href":"https:\/\/www.vv-vikings.de\/index.php?rest_route=\/wp\/v2\/posts\/2940\/revisions"}],"predecessor-version":[{"id":2942,"href":"https:\/\/www.vv-vikings.de\/index.php?rest_route=\/wp\/v2\/posts\/2940\/revisions\/2942"}],"wp:attachment":[{"href":"https:\/\/www.vv-vikings.de\/index.php?rest_route=%2Fwp%2Fv2%2Fmedia&parent=2940"}],"wp:term":[{"taxonomy":"category","embeddable":true,"href":"https:\/\/www.vv-vikings.de\/index.php?rest_route=%2Fwp%2Fv2%2Fcategories&post=2940"},{"taxonomy":"post_tag","embeddable":true,"href":"https:\/\/www.vv-vikings.de\/index.php?rest_route=%2Fwp%2Fv2%2Ftags&post=2940"}],"curies":[{"name":"wp","href":"https:\/\/api.w.org\/{rel}","templated":true}]}}